{"id":5550,"date":"2022-05-21T13:13:32","date_gmt":"2022-05-21T11:13:32","guid":{"rendered":"https:\/\/topanica.ch\/?p=5550"},"modified":"2025-02-20T20:50:43","modified_gmt":"2025-02-20T19:50:43","slug":"njoftim-per-te-pame-2","status":"publish","type":"post","link":"https:\/\/topanica.ch\/al\/njoftim-per-te-pame-2\/","title":{"rendered":"Njoftim p\u00ebr t\u00eb Pame"},"content":{"rendered":"\t\t<div data-elementor-type=\"wp-post\" data-elementor-id=\"5550\" class=\"elementor elementor-5550\" data-elementor-post-type=\"post\">\n\t\t\t\t<div class=\"elementor-element elementor-element-f3992ed e-flex e-con-boxed e-con e-parent\" data-id=\"f3992ed\" data-element_type=\"container\">\n\t\t\t\t\t<div class=\"e-con-inner\">\n\t\t\t\t<div class=\"elementor-element elementor-element-5f86688 elementor-widget elementor-widget-text-editor\" data-id=\"5f86688\" data-element_type=\"widget\" data-widget_type=\"text-editor.default\">\n\t\t\t\t<div class=\"elementor-widget-container\">\n\t\t\t\t\t\t\t\t\t<div class=\"kvgmc6g5 cxmmr5t8 oygrvhab hcukyx3x c1et5uql ii04i59q\"><div dir=\"auto\">T\u00eb nderuar familijar, miq &amp; shok ju njoftojm\u00eb q\u00eb:<\/div><\/div><div class=\"cxmmr5t8 oygrvhab hcukyx3x c1et5uql o9v6fnle ii04i59q\"><div dir=\"auto\">Me daten 22. maj 2022 (ket\u00eb t\u00eb diele) nga ora 08:00 deri ne 18:00 do presim te pame per m\u00eb t\u00eb dashurin ton\u00eb Adem Morina.<\/div><\/div><div class=\"cxmmr5t8 oygrvhab hcukyx3x c1et5uql o9v6fnle ii04i59q\"><div dir=\"auto\">Vendi: Wehntalerstrasse 634, 8046 Z\u00fcrich ngjitun me objektin e dyqanit Spar.<\/div><\/div><div class=\"cxmmr5t8 oygrvhab hcukyx3x c1et5uql o9v6fnle ii04i59q\"><div dir=\"auto\">Liebe Freunde &amp; Angeh\u00f6rige<\/div><\/div><div class=\"cxmmr5t8 oygrvhab hcukyx3x c1et5uql o9v6fnle ii04i59q\"><div dir=\"auto\">Am 22. Mai 2022 (diesen Sonntag) findet f\u00fcr unseren geliebten Adem Morina der Trauerempfang von 08:00 Uhr &#8211; 18:00 Uhr statt.<\/div><\/div><div class=\"cxmmr5t8 oygrvhab hcukyx3x c1et5uql o9v6fnle ii04i59q\"><div dir=\"auto\">Ort: Wehntalerstrasse 634, 8046 Z\u00fcrich, neben dem Spargeb\u00e4ude.<\/div><\/div>\t\t\t\t\t\t\t\t<\/div>\n\t\t\t\t<\/div>\n\t\t\t\t\t<\/div>\n\t\t\t\t<\/div>\n\t\t\t\t<\/div>\n\t\t","protected":false},"excerpt":{"rendered":"<p>T\u00eb nderuar familijar, miq &#038; shok ju njoftojm\u00eb q\u00eb:<br \/>\nMe daten 22. maj 2022 (ket\u00eb t\u00eb diele) nga ora 08:00 deri ne 18:00 do presim te pame per m\u00eb t\u00eb dashurin ton\u00eb Adem Morina.<br \/>\nVendi: Wehntalerstrasse 634, 8046 Z\u00fcrich ngjitun me objektin e dyqanit Spar.<br \/>\nLiebe Freunde &#038; Angeh\u00f6rige<br \/>\nAm 22. Mai 2022 (diesen Sonntag) findet f\u00fcr unseren geliebten Adem Morina der Trauerempfang von 08:00 Uhr &#8211; 18:00 Uhr statt.<br \/>\nOrt: Wehntalerstrasse 634, 8046 Z\u00fcrich, neben dem Spargeb\u00e4ude.<\/p>\n","protected":false},"author":1,"featured_media":5551,"comment_status":"closed","ping_status":"closed","sticky":false,"template":"","format":"standard","meta":{"ocean_post_layout":"","ocean_both_sidebars_style":"","ocean_both_sidebars_content_width":0,"ocean_both_sidebars_sidebars_width":0,"ocean_sidebar":"0","ocean_second_sidebar":"0","ocean_disable_margins":"enable","ocean_add_body_class":"","ocean_shortcode_before_top_bar":"","ocean_shortcode_after_top_bar":"","ocean_shortcode_before_header":"","ocean_shortcode_after_header":"","ocean_has_shortcode":"","ocean_shortcode_after_title":"","ocean_shortcode_before_footer_widgets":"","ocean_shortcode_after_footer_widgets":"","ocean_shortcode_before_footer_bottom":"","ocean_shortcode_after_footer_bottom":"","ocean_display_top_bar":"default","ocean_display_header":"default","ocean_header_style":"","ocean_center_header_left_menu":"0","ocean_custom_header_template":"0","ocean_custom_logo":0,"ocean_custom_retina_logo":0,"ocean_custom_logo_max_width":0,"ocean_custom_logo_tablet_max_width":0,"ocean_custom_logo_mobile_max_width":0,"ocean_custom_logo_max_height":0,"ocean_custom_logo_tablet_max_height":0,"ocean_custom_logo_mobile_max_height":0,"ocean_header_custom_menu":"0","ocean_menu_typo_font_family":"0","ocean_menu_typo_font_subset":"","ocean_menu_typo_font_size":0,"ocean_menu_typo_font_size_tablet":0,"ocean_menu_typo_font_size_mobile":0,"ocean_menu_typo_font_size_unit":"px","ocean_menu_typo_font_weight":"","ocean_menu_typo_font_weight_tablet":"","ocean_menu_typo_font_weight_mobile":"","ocean_menu_typo_transform":"","ocean_menu_typo_transform_tablet":"","ocean_menu_typo_transform_mobile":"","ocean_menu_typo_line_height":0,"ocean_menu_typo_line_height_tablet":0,"ocean_menu_typo_line_height_mobile":0,"ocean_menu_typo_line_height_unit":"","ocean_menu_typo_spacing":0,"ocean_menu_typo_spacing_tablet":0,"ocean_menu_typo_spacing_mobile":0,"ocean_menu_typo_spacing_unit":"","ocean_menu_link_color":"","ocean_menu_link_color_hover":"","ocean_menu_link_color_active":"","ocean_menu_link_background":"","ocean_menu_link_hover_background":"","ocean_menu_link_active_background":"","ocean_menu_social_links_bg":"","ocean_menu_social_hover_links_bg":"","ocean_menu_social_links_color":"","ocean_menu_social_hover_links_color":"","ocean_disable_title":"on","ocean_disable_heading":"default","ocean_post_title":"","ocean_post_subheading":"","ocean_post_title_style":"","ocean_post_title_background_color":"","ocean_post_title_background":0,"ocean_post_title_bg_image_position":"","ocean_post_title_bg_image_attachment":"","ocean_post_title_bg_image_repeat":"","ocean_post_title_bg_image_size":"","ocean_post_title_height":0,"ocean_post_title_bg_overlay":0.5,"ocean_post_title_bg_overlay_color":"","ocean_disable_breadcrumbs":"default","ocean_breadcrumbs_color":"","ocean_breadcrumbs_separator_color":"","ocean_breadcrumbs_links_color":"","ocean_breadcrumbs_links_hover_color":"","ocean_display_footer_widgets":"default","ocean_display_footer_bottom":"default","ocean_custom_footer_template":"0","ocean_post_oembed":"","ocean_post_self_hosted_media":"","ocean_post_video_embed":"","ocean_link_format":"","ocean_link_format_target":"self","ocean_quote_format":"","ocean_quote_format_link":"post","ocean_gallery_link_images":"off","ocean_gallery_id":[],"footnotes":""},"categories":[27,21],"tags":[],"class_list":["post-5550","post","type-post","status-publish","format-standard","has-post-thumbnail","hentry","category-adem-morina","category-njoftim-per-te-pame","entry","has-media"],"yoast_head":"<!-- This site is optimized with the Yoast SEO plugin v24.5 - https:\/\/yoast.com\/wordpress\/plugins\/seo\/ -->\r\n<title>Njoftim p\u00ebr t\u00eb Pame - Shoqata Topanica %<\/title>\r\n<meta name=\"description\" content=\"Shoqata Topanica Njoftim p\u00ebr t\u00eb Pame Njoftim p\u00ebr t\u00eb Pame -\" \/>\r\n<meta name=\"robots\" content=\"index, follow, max-snippet:-1, max-image-preview:large, max-video-preview:-1\" \/>\r\n<link rel=\"canonical\" href=\"https:\/\/topanica.ch\/al\/njoftim-per-te-pame-2\/\" \/>\r\n<meta property=\"og:locale\" content=\"sq_AL\" \/>\r\n<meta property=\"og:type\" content=\"article\" \/>\r\n<meta property=\"og:title\" content=\"Njoftim p\u00ebr t\u00eb Pame - Shoqata Topanica %\" \/>\r\n<meta property=\"og:description\" content=\"Shoqata Topanica Njoftim p\u00ebr t\u00eb Pame Njoftim p\u00ebr t\u00eb Pame -\" \/>\r\n<meta property=\"og:url\" content=\"https:\/\/topanica.ch\/al\/njoftim-per-te-pame-2\/\" \/>\r\n<meta property=\"og:site_name\" content=\"Shoqata Topanica\" \/>\r\n<meta property=\"article:publisher\" content=\"https:\/\/www.facebook.com\/shoqata.topanica\/\" \/>\r\n<meta property=\"article:published_time\" content=\"2022-05-21T11:13:32+00:00\" \/>\r\n<meta property=\"article:modified_time\" content=\"2025-02-20T19:50:43+00:00\" \/>\r\n<meta property=\"og:image\" content=\"https:\/\/topanica.ch\/wp-content\/uploads\/2022\/05\/Adem-Morina-e1653131936390.jpg\" \/>\r\n\t<meta property=\"og:image:width\" content=\"347\" \/>\r\n\t<meta property=\"og:image:height\" content=\"343\" \/>\r\n\t<meta property=\"og:image:type\" content=\"image\/jpeg\" \/>\r\n<meta name=\"author\" content=\"Valton\" \/>\r\n<meta name=\"twitter:card\" content=\"summary_large_image\" \/>\r\n<meta name=\"twitter:label1\" content=\"Written by\" \/>\n\t<meta name=\"twitter:data1\" content=\"Valton\" \/>\n\t<meta name=\"twitter:label2\" content=\"Est. reading time\" \/>\n\t<meta name=\"twitter:data2\" content=\"1 minut\u00eb\" \/>\r\n<script type=\"application\/ld+json\" class=\"yoast-schema-graph\">{\"@context\":\"https:\/\/schema.org\",\"@graph\":[{\"@type\":\"Article\",\"@id\":\"https:\/\/topanica.ch\/njoftim-per-te-pame-2\/#article\",\"isPartOf\":{\"@id\":\"https:\/\/topanica.ch\/njoftim-per-te-pame-2\/\"},\"author\":{\"name\":\"Valton\",\"@id\":\"https:\/\/topanica.ch\/#\/schema\/person\/6c12f7c52d21ff0e26a4065a055b1558\"},\"headline\":\"Njoftim p\u00ebr t\u00eb Pame\",\"datePublished\":\"2022-05-21T11:13:32+00:00\",\"dateModified\":\"2025-02-20T19:50:43+00:00\",\"mainEntityOfPage\":{\"@id\":\"https:\/\/topanica.ch\/njoftim-per-te-pame-2\/\"},\"wordCount\":75,\"publisher\":{\"@id\":\"https:\/\/topanica.ch\/#organization\"},\"image\":{\"@id\":\"https:\/\/topanica.ch\/njoftim-per-te-pame-2\/#primaryimage\"},\"thumbnailUrl\":\"https:\/\/topanica.ch\/wp-content\/uploads\/2022\/05\/Adem-Morina-e1653131936390.jpg\",\"articleSection\":[\"Adem Morina\",\"Njoftim p\u00ebr t\u00eb Pame\"],\"inLanguage\":\"sq\"},{\"@type\":\"WebPage\",\"@id\":\"https:\/\/topanica.ch\/njoftim-per-te-pame-2\/\",\"url\":\"https:\/\/topanica.ch\/njoftim-per-te-pame-2\/\",\"name\":\"Njoftim p\u00ebr t\u00eb Pame - Shoqata Topanica %\",\"isPartOf\":{\"@id\":\"https:\/\/topanica.ch\/#website\"},\"primaryImageOfPage\":{\"@id\":\"https:\/\/topanica.ch\/njoftim-per-te-pame-2\/#primaryimage\"},\"image\":{\"@id\":\"https:\/\/topanica.ch\/njoftim-per-te-pame-2\/#primaryimage\"},\"thumbnailUrl\":\"https:\/\/topanica.ch\/wp-content\/uploads\/2022\/05\/Adem-Morina-e1653131936390.jpg\",\"datePublished\":\"2022-05-21T11:13:32+00:00\",\"dateModified\":\"2025-02-20T19:50:43+00:00\",\"description\":\"Shoqata Topanica Njoftim p\u00ebr t\u00eb Pame Njoftim p\u00ebr t\u00eb Pame -\",\"breadcrumb\":{\"@id\":\"https:\/\/topanica.ch\/njoftim-per-te-pame-2\/#breadcrumb\"},\"inLanguage\":\"sq\",\"potentialAction\":[{\"@type\":\"ReadAction\",\"target\":[\"https:\/\/topanica.ch\/njoftim-per-te-pame-2\/\"]}]},{\"@type\":\"ImageObject\",\"inLanguage\":\"sq\",\"@id\":\"https:\/\/topanica.ch\/njoftim-per-te-pame-2\/#primaryimage\",\"url\":\"https:\/\/topanica.ch\/wp-content\/uploads\/2022\/05\/Adem-Morina-e1653131936390.jpg\",\"contentUrl\":\"https:\/\/topanica.ch\/wp-content\/uploads\/2022\/05\/Adem-Morina-e1653131936390.jpg\",\"width\":347,\"height\":343},{\"@type\":\"BreadcrumbList\",\"@id\":\"https:\/\/topanica.ch\/njoftim-per-te-pame-2\/#breadcrumb\",\"itemListElement\":[{\"@type\":\"ListItem\",\"position\":1,\"name\":\"Home\",\"item\":\"https:\/\/topanica.ch\/\"},{\"@type\":\"ListItem\",\"position\":2,\"name\":\"Njoftim p\u00ebr t\u00eb Pame\"}]},{\"@type\":\"WebSite\",\"@id\":\"https:\/\/topanica.ch\/#website\",\"url\":\"https:\/\/topanica.ch\/\",\"name\":\"Shoqata Topanica\",\"description\":\"\",\"publisher\":{\"@id\":\"https:\/\/topanica.ch\/#organization\"},\"potentialAction\":[{\"@type\":\"SearchAction\",\"target\":{\"@type\":\"EntryPoint\",\"urlTemplate\":\"https:\/\/topanica.ch\/?s={search_term_string}\"},\"query-input\":{\"@type\":\"PropertyValueSpecification\",\"valueRequired\":true,\"valueName\":\"search_term_string\"}}],\"inLanguage\":\"sq\"},{\"@type\":\"Organization\",\"@id\":\"https:\/\/topanica.ch\/#organization\",\"name\":\"Topanica\",\"url\":\"https:\/\/topanica.ch\/\",\"logo\":{\"@type\":\"ImageObject\",\"inLanguage\":\"sq\",\"@id\":\"https:\/\/topanica.ch\/#\/schema\/logo\/image\/\",\"url\":\"https:\/\/topanica.ch\/wp-content\/uploads\/2022\/01\/cropped-topanicaLogo_Shoqata_Topanica_Transparent-e1642349510758.png\",\"contentUrl\":\"https:\/\/topanica.ch\/wp-content\/uploads\/2022\/01\/cropped-topanicaLogo_Shoqata_Topanica_Transparent-e1642349510758.png\",\"width\":120,\"height\":111,\"caption\":\"Topanica\"},\"image\":{\"@id\":\"https:\/\/topanica.ch\/#\/schema\/logo\/image\/\"},\"sameAs\":[\"https:\/\/www.facebook.com\/shoqata.topanica\/\"]},{\"@type\":\"Person\",\"@id\":\"https:\/\/topanica.ch\/#\/schema\/person\/6c12f7c52d21ff0e26a4065a055b1558\",\"name\":\"Valton\",\"image\":{\"@type\":\"ImageObject\",\"inLanguage\":\"sq\",\"@id\":\"https:\/\/topanica.ch\/#\/schema\/person\/image\/\",\"url\":\"https:\/\/secure.gravatar.com\/avatar\/f246d01ca4f6ffc548335ad41d79839e?s=96&d=mm&r=g\",\"contentUrl\":\"https:\/\/secure.gravatar.com\/avatar\/f246d01ca4f6ffc548335ad41d79839e?s=96&d=mm&r=g\",\"caption\":\"Valton\"},\"sameAs\":[\"https:\/\/topanica.ch\"],\"url\":\"https:\/\/topanica.ch\/al\/author\/evemekah\/\"}]}<\/script>\r\n<!-- \/ Yoast SEO plugin. -->","yoast_head_json":{"title":"Njoftim p\u00ebr t\u00eb Pame - Shoqata Topanica %","description":"Shoqata Topanica Njoftim p\u00ebr t\u00eb Pame Njoftim p\u00ebr t\u00eb Pame -","robots":{"index":"index","follow":"follow","max-snippet":"max-snippet:-1","max-image-preview":"max-image-preview:large","max-video-preview":"max-video-preview:-1"},"canonical":"https:\/\/topanica.ch\/al\/njoftim-per-te-pame-2\/","og_locale":"sq_AL","og_type":"article","og_title":"Njoftim p\u00ebr t\u00eb Pame - Shoqata Topanica %","og_description":"Shoqata Topanica Njoftim p\u00ebr t\u00eb Pame Njoftim p\u00ebr t\u00eb Pame -","og_url":"https:\/\/topanica.ch\/al\/njoftim-per-te-pame-2\/","og_site_name":"Shoqata Topanica","article_publisher":"https:\/\/www.facebook.com\/shoqata.topanica\/","article_published_time":"2022-05-21T11:13:32+00:00","article_modified_time":"2025-02-20T19:50:43+00:00","og_image":[{"width":347,"height":343,"url":"https:\/\/topanica.ch\/wp-content\/uploads\/2022\/05\/Adem-Morina-e1653131936390.jpg","type":"image\/jpeg"}],"author":"Valton","twitter_card":"summary_large_image","twitter_misc":{"Written by":"Valton","Est. reading time":"1 minut\u00eb"},"schema":{"@context":"https:\/\/schema.org","@graph":[{"@type":"Article","@id":"https:\/\/topanica.ch\/njoftim-per-te-pame-2\/#article","isPartOf":{"@id":"https:\/\/topanica.ch\/njoftim-per-te-pame-2\/"},"author":{"name":"Valton","@id":"https:\/\/topanica.ch\/#\/schema\/person\/6c12f7c52d21ff0e26a4065a055b1558"},"headline":"Njoftim p\u00ebr t\u00eb Pame","datePublished":"2022-05-21T11:13:32+00:00","dateModified":"2025-02-20T19:50:43+00:00","mainEntityOfPage":{"@id":"https:\/\/topanica.ch\/njoftim-per-te-pame-2\/"},"wordCount":75,"publisher":{"@id":"https:\/\/topanica.ch\/#organization"},"image":{"@id":"https:\/\/topanica.ch\/njoftim-per-te-pame-2\/#primaryimage"},"thumbnailUrl":"https:\/\/topanica.ch\/wp-content\/uploads\/2022\/05\/Adem-Morina-e1653131936390.jpg","articleSection":["Adem Morina","Njoftim p\u00ebr t\u00eb Pame"],"inLanguage":"sq"},{"@type":"WebPage","@id":"https:\/\/topanica.ch\/njoftim-per-te-pame-2\/","url":"https:\/\/topanica.ch\/njoftim-per-te-pame-2\/","name":"Njoftim p\u00ebr t\u00eb Pame - Shoqata Topanica %","isPartOf":{"@id":"https:\/\/topanica.ch\/#website"},"primaryImageOfPage":{"@id":"https:\/\/topanica.ch\/njoftim-per-te-pame-2\/#primaryimage"},"image":{"@id":"https:\/\/topanica.ch\/njoftim-per-te-pame-2\/#primaryimage"},"thumbnailUrl":"https:\/\/topanica.ch\/wp-content\/uploads\/2022\/05\/Adem-Morina-e1653131936390.jpg","datePublished":"2022-05-21T11:13:32+00:00","dateModified":"2025-02-20T19:50:43+00:00","description":"Shoqata Topanica Njoftim p\u00ebr t\u00eb Pame Njoftim p\u00ebr t\u00eb Pame -","breadcrumb":{"@id":"https:\/\/topanica.ch\/njoftim-per-te-pame-2\/#breadcrumb"},"inLanguage":"sq","potentialAction":[{"@type":"ReadAction","target":["https:\/\/topanica.ch\/njoftim-per-te-pame-2\/"]}]},{"@type":"ImageObject","inLanguage":"sq","@id":"https:\/\/topanica.ch\/njoftim-per-te-pame-2\/#primaryimage","url":"https:\/\/topanica.ch\/wp-content\/uploads\/2022\/05\/Adem-Morina-e1653131936390.jpg","contentUrl":"https:\/\/topanica.ch\/wp-content\/uploads\/2022\/05\/Adem-Morina-e1653131936390.jpg","width":347,"height":343},{"@type":"BreadcrumbList","@id":"https:\/\/topanica.ch\/njoftim-per-te-pame-2\/#breadcrumb","itemListElement":[{"@type":"ListItem","position":1,"name":"Home","item":"https:\/\/topanica.ch\/"},{"@type":"ListItem","position":2,"name":"Njoftim p\u00ebr t\u00eb Pame"}]},{"@type":"WebSite","@id":"https:\/\/topanica.ch\/#website","url":"https:\/\/topanica.ch\/","name":"Shoqata Topanica","description":"","publisher":{"@id":"https:\/\/topanica.ch\/#organization"},"potentialAction":[{"@type":"SearchAction","target":{"@type":"EntryPoint","urlTemplate":"https:\/\/topanica.ch\/?s={search_term_string}"},"query-input":{"@type":"PropertyValueSpecification","valueRequired":true,"valueName":"search_term_string"}}],"inLanguage":"sq"},{"@type":"Organization","@id":"https:\/\/topanica.ch\/#organization","name":"Topanica","url":"https:\/\/topanica.ch\/","logo":{"@type":"ImageObject","inLanguage":"sq","@id":"https:\/\/topanica.ch\/#\/schema\/logo\/image\/","url":"https:\/\/topanica.ch\/wp-content\/uploads\/2022\/01\/cropped-topanicaLogo_Shoqata_Topanica_Transparent-e1642349510758.png","contentUrl":"https:\/\/topanica.ch\/wp-content\/uploads\/2022\/01\/cropped-topanicaLogo_Shoqata_Topanica_Transparent-e1642349510758.png","width":120,"height":111,"caption":"Topanica"},"image":{"@id":"https:\/\/topanica.ch\/#\/schema\/logo\/image\/"},"sameAs":["https:\/\/www.facebook.com\/shoqata.topanica\/"]},{"@type":"Person","@id":"https:\/\/topanica.ch\/#\/schema\/person\/6c12f7c52d21ff0e26a4065a055b1558","name":"Valton","image":{"@type":"ImageObject","inLanguage":"sq","@id":"https:\/\/topanica.ch\/#\/schema\/person\/image\/","url":"https:\/\/secure.gravatar.com\/avatar\/f246d01ca4f6ffc548335ad41d79839e?s=96&d=mm&r=g","contentUrl":"https:\/\/secure.gravatar.com\/avatar\/f246d01ca4f6ffc548335ad41d79839e?s=96&d=mm&r=g","caption":"Valton"},"sameAs":["https:\/\/topanica.ch"],"url":"https:\/\/topanica.ch\/al\/author\/evemekah\/"}]}},"_links":{"self":[{"href":"https:\/\/topanica.ch\/al\/wp-json\/wp\/v2\/posts\/5550","targetHints":{"allow":["GET"]}}],"collection":[{"href":"https:\/\/topanica.ch\/al\/wp-json\/wp\/v2\/posts"}],"about":[{"href":"https:\/\/topanica.ch\/al\/wp-json\/wp\/v2\/types\/post"}],"author":[{"embeddable":true,"href":"https:\/\/topanica.ch\/al\/wp-json\/wp\/v2\/users\/1"}],"replies":[{"embeddable":true,"href":"https:\/\/topanica.ch\/al\/wp-json\/wp\/v2\/comments?post=5550"}],"version-history":[{"count":4,"href":"https:\/\/topanica.ch\/al\/wp-json\/wp\/v2\/posts\/5550\/revisions"}],"predecessor-version":[{"id":5555,"href":"https:\/\/topanica.ch\/al\/wp-json\/wp\/v2\/posts\/5550\/revisions\/5555"}],"wp:featuredmedia":[{"embeddable":true,"href":"https:\/\/topanica.ch\/al\/wp-json\/wp\/v2\/media\/5551"}],"wp:attachment":[{"href":"https:\/\/topanica.ch\/al\/wp-json\/wp\/v2\/media?parent=5550"}],"wp:term":[{"taxonomy":"category","embeddable":true,"href":"https:\/\/topanica.ch\/al\/wp-json\/wp\/v2\/categories?post=5550"},{"taxonomy":"post_tag","embeddable":true,"href":"https:\/\/topanica.ch\/al\/wp-json\/wp\/v2\/tags?post=5550"}],"curies":[{"name":"wp","href":"https:\/\/api.w.org\/{rel}","templated":true}]}}